{"id":1784,"date":"2022-05-26T17:00:16","date_gmt":"2022-05-26T15:00:16","guid":{"rendered":"https:\/\/aequus31.fr\/blog\/?p=1784"},"modified":"2024-02-27T11:26:38","modified_gmt":"2024-02-27T10:26:38","slug":"sauve-qui-peut-une-barre-au-sol-2","status":"publish","type":"post","link":"https:\/\/aequus.fr\/journaldebord\/sauve-qui-peut-une-barre-au-sol-2\/","title":{"rendered":"Sauve qui peut, une barre au sol! (2)"},"content":{"rendered":"\n<figure class=\"wp-block-image size-large\"><img loading=\"lazy\" decoding=\"async\" width=\"1024\" height=\"768\" src=\"https:\/\/aequus.fr\/journaldebord\/wp-content\/uploads\/IMG_2474-1024x768.jpeg\" alt=\"\" class=\"wp-image-4030\" srcset=\"https:\/\/aequus.fr\/journaldebord\/wp-content\/uploads\/IMG_2474-1024x768.jpeg 1024w, https:\/\/aequus.fr\/journaldebord\/wp-content\/uploads\/IMG_2474-300x225.jpeg 300w, https:\/\/aequus.fr\/journaldebord\/wp-content\/uploads\/IMG_2474-768x576.jpeg 768w, https:\/\/aequus.fr\/journaldebord\/wp-content\/uploads\/IMG_2474-1536x1151.jpeg 1536w, https:\/\/aequus.fr\/journaldebord\/wp-content\/uploads\/IMG_2474-2048x1535.jpeg 2048w, https:\/\/aequus.fr\/journaldebord\/wp-content\/uploads\/IMG_2474-scaled.jpeg 1200w\" sizes=\"auto, (max-width: 1024px) 100vw, 1024px\" \/><figcaption class=\"wp-element-caption\">\u201cCe n\u2019est pas parceque les choses sont difficiles que nous n\u2019osons pas les faire, c\u2019est parce que nous n\u2019osons pas les faire qu\u2019elles sont difficiles.\u201d<br>S\u00e9n\u00e8que<br>Mon bip\u00e8de continue de r\u00e9\u00e9duquer la Mouflette: la d\u00e9sensibilisation suit son cours, et m\u00eame si ce ne sont que de petits pas \u00e0 chaque s\u00e9ance et beaucoup de patience, de sagacit\u00e9, de technique, de remise en question et d&rsquo;\u00e9nergie d\u00e9pens\u00e9es, pour l&rsquo;instant m\u00e9m\u00e9 ne perd pas espoir de la convaincre qu&rsquo;une barre ne mord pas, qu&rsquo;un obstacle est aussi l&rsquo;occasion de s&rsquo;amuser en toute qui\u00e9tude. J&rsquo;aimerais bien \u00eatre \u00e0 sa place, \u00e0 la Mouflette, moi qui suis retenu captif dans un box pour plusieurs jours&#8230; \u00e0 cause d&rsquo;une vilaine blessure&#8230;<br>Kandide<\/figcaption><\/figure>\n","protected":false},"excerpt":{"rendered":"","protected":false},"author":7,"featured_media":0,"comment_status":"closed","ping_status":"closed","sticky":false,"template":"","format":"standard","meta":{"_acf_changed":false,"site-sidebar-layout":"default","site-content-layout":"","ast-site-content-layout":"default","site-content-style":"default","site-sidebar-style":"default","ast-global-header-display":"","ast-banner-title-visibility":"","ast-main-header-display":"","ast-hfb-above-header-display":"","ast-hfb-below-header-display":"","ast-hfb-mobile-header-display":"","site-post-title":"","ast-breadcrumbs-content":"","ast-featured-img":"","footer-sml-layout":"","ast-disable-related-posts":"","theme-transparent-header-meta":"","adv-header-id-meta":"","stick-header-meta":"","header-above-stick-meta":"","header-main-stick-meta":"","header-below-stick-meta":"","astra-migrate-meta-layouts":"default","ast-page-background-enabled":"default","ast-page-background-meta":{"desktop":{"background-color":"var(--ast-global-color-4)","background-image":"","background-repeat":"repeat","background-position":"center center","background-size":"auto","background-attachment":"scroll","background-type":"","background-media":"","overlay-type":"","overlay-color":"","overlay-opacity":"","overlay-gradient":""},"tablet":{"background-color":"","background-image":"","background-repeat":"repeat","background-position":"center center","background-size":"auto","background-attachment":"scroll","background-type":"","background-media":"","overlay-type":"","overlay-color":"","overlay-opacity":"","overlay-gradient":""},"mobile":{"background-color":"","background-image":"","background-repeat":"repeat","background-position":"center center","background-size":"auto","background-attachment":"scroll","background-type":"","background-media":"","overlay-type":"","overlay-color":"","overlay-opacity":"","overlay-gradient":""}},"ast-content-background-meta":{"desktop":{"background-color":"var(--ast-global-color-5)","background-image":"","background-repeat":"repeat","background-position":"center center","background-size":"auto","background-attachment":"scroll","background-type":"","background-media":"","overlay-type":"","overlay-color":"","overlay-opacity":"","overlay-gradient":""},"tablet":{"background-color":"var(--ast-global-color-5)","background-image":"","background-repeat":"repeat","background-position":"center center","background-size":"auto","background-attachment":"scroll","background-type":"","background-media":"","overlay-type":"","overlay-color":"","overlay-opacity":"","overlay-gradient":""},"mobile":{"background-color":"var(--ast-global-color-5)","background-image":"","background-repeat":"repeat","background-position":"center center","background-size":"auto","background-attachment":"scroll","background-type":"","background-media":"","overlay-type":"","overlay-color":"","overlay-opacity":"","overlay-gradient":""}},"footnotes":""},"categories":[38],"tags":[64,155,669,464,154],"class_list":["post-1784","post","type-post","status-publish","format-standard","hentry","category-uvdc","tag-barre-au-sol","tag-desensibilisation","tag-fractures-mentales","tag-maltraitance","tag-reeducation-cheval"],"acf":[],"_links":{"self":[{"href":"https:\/\/aequus.fr\/journaldebord\/wp-json\/wp\/v2\/posts\/1784","targetHints":{"allow":["GET"]}}],"collection":[{"href":"https:\/\/aequus.fr\/journaldebord\/wp-json\/wp\/v2\/posts"}],"about":[{"href":"https:\/\/aequus.fr\/journaldebord\/wp-json\/wp\/v2\/types\/post"}],"author":[{"embeddable":true,"href":"https:\/\/aequus.fr\/journaldebord\/wp-json\/wp\/v2\/users\/7"}],"replies":[{"embeddable":true,"href":"https:\/\/aequus.fr\/journaldebord\/wp-json\/wp\/v2\/comments?post=1784"}],"version-history":[{"count":0,"href":"https:\/\/aequus.fr\/journaldebord\/wp-json\/wp\/v2\/posts\/1784\/revisions"}],"wp:attachment":[{"href":"https:\/\/aequus.fr\/journaldebord\/wp-json\/wp\/v2\/media?parent=1784"}],"wp:term":[{"taxonomy":"category","embeddable":true,"href":"https:\/\/aequus.fr\/journaldebord\/wp-json\/wp\/v2\/categories?post=1784"},{"taxonomy":"post_tag","embeddable":true,"href":"https:\/\/aequus.fr\/journaldebord\/wp-json\/wp\/v2\/tags?post=1784"}],"curies":[{"name":"wp","href":"https:\/\/api.w.org\/{rel}","templated":true}]}}