{"id":342,"count":78,"description":"Retour sur mes ann\u00e9es \"Foal\", mes ann\u00e9es au troupeau lorsque j'\u00e9tais poulain et mon passage progressif vers l'\u00e2ge adulte. Toutes les situations sont enti\u00e8rement fictives, fruit de l'imagination des \u00e9ditorialistes ou de leur environnement. Bonne lecture!","link":"https:\/\/aequus.fr\/journaldebord\/category\/uvdc\/maf\/","name":"Mes jeunes ann\u00e9es","slug":"maf","taxonomy":"category","parent":38,"meta":[],"acf":[],"_links":{"self":[{"href":"https:\/\/aequus.fr\/journaldebord\/wp-json\/wp\/v2\/categories\/342","targetHints":{"allow":["GET"]}}],"collection":[{"href":"https:\/\/aequus.fr\/journaldebord\/wp-json\/wp\/v2\/categories"}],"about":[{"href":"https:\/\/aequus.fr\/journaldebord\/wp-json\/wp\/v2\/taxonomies\/category"}],"up":[{"embeddable":true,"href":"https:\/\/aequus.fr\/journaldebord\/wp-json\/wp\/v2\/categories\/38"}],"wp:post_type":[{"href":"https:\/\/aequus.fr\/journaldebord\/wp-json\/wp\/v2\/posts?categories=342"}],"curies":[{"name":"wp","href":"https:\/\/api.w.org\/{rel}","templated":true}]}}